{"id":12023,"date":"2022-11-30T14:14:50","date_gmt":"2022-11-30T19:14:50","guid":{"rendered":"https:\/\/hrwize.com\/?p=12023"},"modified":"2023-02-01T11:33:09","modified_gmt":"2023-02-01T16:33:09","slug":"equilibre-entre-vie-professionnelle-et-vie-privee-mettez-dabord-votre-masque-a-oxygene-2","status":"publish","type":"post","link":"https:\/\/hrwize.com\/fr\/equilibre-entre-vie-professionnelle-et-vie-privee-mettez-dabord-votre-masque-a-oxygene-2\/","title":{"rendered":"\u00c9quilibre entre vie professionnelle et vie priv\u00e9e : Mettez d&rsquo;abord votre masque \u00e0 oxyg\u00e8ne"},"content":{"rendered":"<p><span data-contrast=\"auto\"><img loading=\"lazy\" decoding=\"async\" class=\"alignnone wp-image-12013\" src=\"https:\/\/hrwize.com\/wp-content\/uploads\/2022\/11\/Blog-Layouts-FR-1.jpg\" alt=\"\" width=\"954\" height=\"501\" srcset=\"https:\/\/hrwize.com\/wp-content\/uploads\/2022\/11\/Blog-Layouts-FR-1.jpg 1600w, https:\/\/hrwize.com\/wp-content\/uploads\/2022\/11\/Blog-Layouts-FR-1-300x158.jpg 300w, https:\/\/hrwize.com\/wp-content\/uploads\/2022\/11\/Blog-Layouts-FR-1-1024x538.jpg 1024w, https:\/\/hrwize.com\/wp-content\/uploads\/2022\/11\/Blog-Layouts-FR-1-350x184.jpg 350w, https:\/\/hrwize.com\/wp-content\/uploads\/2022\/11\/Blog-Layouts-FR-1-600x315.jpg 600w, https:\/\/hrwize.com\/wp-content\/uploads\/2022\/11\/Blog-Layouts-FR-1-768x403.jpg 768w, https:\/\/hrwize.com\/wp-content\/uploads\/2022\/11\/Blog-Layouts-FR-1-150x79.jpg 150w, https:\/\/hrwize.com\/wp-content\/uploads\/2022\/11\/Blog-Layouts-FR-1-95x50.jpg 95w, https:\/\/hrwize.com\/wp-content\/uploads\/2022\/11\/Blog-Layouts-FR-1-75x39.jpg 75w, https:\/\/hrwize.com\/wp-content\/uploads\/2022\/11\/Blog-Layouts-FR-1-35x18.jpg 35w, https:\/\/hrwize.com\/wp-content\/uploads\/2022\/11\/Blog-Layouts-FR-1-200x105.jpg 200w, https:\/\/hrwize.com\/wp-content\/uploads\/2022\/11\/Blog-Layouts-FR-1-250x131.jpg 250w, https:\/\/hrwize.com\/wp-content\/uploads\/2022\/11\/Blog-Layouts-FR-1-180x95.jpg 180w, https:\/\/hrwize.com\/wp-content\/uploads\/2022\/11\/Blog-Layouts-FR-1-190x100.jpg 190w, https:\/\/hrwize.com\/wp-content\/uploads\/2022\/11\/Blog-Layouts-FR-1-175x92.jpg 175w, https:\/\/hrwize.com\/wp-content\/uploads\/2022\/11\/Blog-Layouts-FR-1-550x289.jpg 550w, https:\/\/hrwize.com\/wp-content\/uploads\/2022\/11\/Blog-Layouts-FR-1-125x66.jpg 125w\" sizes=\"auto, (max-width: 954px) 100vw, 954px\" \/><\/span><\/p>\n<p><span data-contrast=\"auto\">L&rsquo;\u00e9quilibre entre le travail et la vie priv\u00e9e, est-ce m\u00eame possible? Est-ce aussi facile qu&rsquo;on le dit sur LinkedIn? Les gens y parviennent-ils? <\/span><span data-ccp-props=\"{&quot;201341983&quot;:0,&quot;335559739&quot;:160,&quot;335559740&quot;:259}\">\u00a0<\/span><\/p>\n<p><span data-contrast=\"auto\">La vie est tr\u00e9pidante, qu&rsquo;il s&rsquo;agisse de s&rsquo;occuper de sa famille, de ses responsabilit\u00e9s, d&rsquo;une longue liste de choses \u00e0 faire, du travail, de la vie sociale ou encore de trouver le temps de se reposer. Il peut sembler que vous n&rsquo;ayez m\u00eame pas une heure \u00e0 vous. Mais que se passerait-il si nous changions ce r\u00e9cit permanent? Et si nous n&rsquo;\u00e9tions pas satisfaits du \u201cstatus quo\u201d, mais que nous travaillions plut\u00f4t \u00e0 une vie dont nous n&rsquo;avons pas besoin de prendre des vacances. <\/span><span data-ccp-props=\"{&quot;201341983&quot;:0,&quot;335559739&quot;:160,&quot;335559740&quot;:259}\">\u00a0<\/span><\/p>\n<blockquote><p><span data-contrast=\"auto\">Il y a plus dans la vie que d&rsquo;augmenter sa vitesse.\u00a0\u00bb &#8211; Mahatma Gandhi <\/span><span data-ccp-props=\"{&quot;201341983&quot;:0,&quot;335559739&quot;:160,&quot;335559740&quot;:259}\">\u00a0<\/span><\/p><\/blockquote>\n<p><span data-contrast=\"auto\">Une chose que nous devrions adopter des directives d&rsquo;urgence en avion est de mettre votre masque \u00e0 oxyg\u00e8ne en premier. Cela peut sembler \u00e9go\u00efste, mais c&rsquo;est la meilleure fa\u00e7on d&rsquo;aider ceux qui vous entourent. Si nous donnons toujours aux autres sans tenir compte de nos propres besoins, nous privons les personnes qui nous sont ch\u00e8res du meilleur de nous-m\u00eames et de notre pleine pr\u00e9sence. Dans ce cas, vous \u00eates incapable d&rsquo;aider quiconque a besoin de vos soins et de votre attention. Alors, que pouvons-nous faire pour remplir notre propre tasse? <\/span><span data-ccp-props=\"{&quot;201341983&quot;:0,&quot;335559739&quot;:160,&quot;335559740&quot;:259}\">\u00a0<\/span><\/p>\n<p><span data-contrast=\"auto\">La situation est diff\u00e9rente pour chacun. Voici quelques conseils que nous aimerions partager avec vous:\u00a0 <\/span><span data-ccp-props=\"{&quot;201341983&quot;:0,&quot;335559739&quot;:160,&quot;335559740&quot;:259}\">\u00a0<\/span><\/p>\n<h5><span class=\"NormalTextRun SCXW242551373 BCX8\" data-ccp-parastyle=\"heading 2\">Focalisation<\/span><span class=\"NormalTextRun SCXW242551373 BCX8\" data-ccp-parastyle=\"heading 2\"> \u00e0 quatre\u00a0<\/span><\/h5>\n<p><span data-contrast=\"auto\">Dans son livre <\/span><a href=\"https:\/\/www.amazon.ca\/4-Fix-Hour-Change-Your\/dp\/1443458627\" target=\"_blank\" rel=\"noopener\"><span data-contrast=\"none\">\u00ab\u00a0The 4% Fix\u00a0\u00bb<\/span><\/a><span data-contrast=\"auto\">, Karma Brown \u00e9crit qu&rsquo;elle cr\u00e9e une liste de quatre objectifs qui compartimente ce qu&rsquo;elle aimerait faire pour elle-m\u00eame ce jour-l\u00e0. Par exemple, elle a d\u00e9cid\u00e9 de faire quelque chose pour sa sant\u00e9 et son bien-\u00eatre, quelque chose pour exprimer sa cr\u00e9ativit\u00e9, quelque chose avec sa famille et quelque chose de productif.\u00a0 <\/span><span data-ccp-props=\"{&quot;201341983&quot;:0,&quot;335559739&quot;:160,&quot;335559740&quot;:259}\">\u00a0<\/span><\/p>\n<ul>\n<li data-leveltext=\"\uf0b7\" data-font=\"Symbol\" data-listid=\"1\" data-list-defn-props=\"{&quot;335552541&quot;:1,&quot;335559683&quot;:0,&quot;335559684&quot;:-2,&quot;335559685&quot;:720,&quot;335559991&quot;:360,&quot;469769226&quot;:&quot;Symbol&quot;,&quot;469769242&quot;:[8226],&quot;469777803&quot;:&quot;left&quot;,&quot;469777804&quot;:&quot;\uf0b7&quot;,&quot;469777815&quot;:&quot;hybridMultilevel&quot;}\" aria-setsize=\"-1\" data-aria-posinset=\"1\" data-aria-level=\"1\"><span data-contrast=\"auto\">Sant\u00e9\/bien-\u00eatre = s\u00e9ance d&rsquo;entra\u00eenement de 30 minutes\u00a0 <\/span><span data-ccp-props=\"{&quot;201341983&quot;:0,&quot;335559739&quot;:160,&quot;335559740&quot;:259}\">\u00a0<\/span><\/li>\n<li data-leveltext=\"\uf0b7\" data-font=\"Symbol\" data-listid=\"1\" data-list-defn-props=\"{&quot;335552541&quot;:1,&quot;335559683&quot;:0,&quot;335559684&quot;:-2,&quot;335559685&quot;:720,&quot;335559991&quot;:360,&quot;469769226&quot;:&quot;Symbol&quot;,&quot;469769242&quot;:[8226],&quot;469777803&quot;:&quot;left&quot;,&quot;469777804&quot;:&quot;\uf0b7&quot;,&quot;469777815&quot;:&quot;hybridMultilevel&quot;}\" aria-setsize=\"-1\" data-aria-posinset=\"2\" data-aria-level=\"1\"><span data-contrast=\"auto\">Cr\u00e9ativit\u00e9 = s\u00e9ance de journalisme de 20 minutes\u00a0 <\/span><span data-ccp-props=\"{&quot;201341983&quot;:0,&quot;335559739&quot;:160,&quot;335559740&quot;:259}\">\u00a0<\/span><\/li>\n<li data-leveltext=\"\uf0b7\" data-font=\"Symbol\" data-listid=\"1\" data-list-defn-props=\"{&quot;335552541&quot;:1,&quot;335559683&quot;:0,&quot;335559684&quot;:-2,&quot;335559685&quot;:720,&quot;335559991&quot;:360,&quot;469769226&quot;:&quot;Symbol&quot;,&quot;469769242&quot;:[8226],&quot;469777803&quot;:&quot;left&quot;,&quot;469777804&quot;:&quot;\uf0b7&quot;,&quot;469777815&quot;:&quot;hybridMultilevel&quot;}\" aria-setsize=\"-1\" data-aria-posinset=\"3\" data-aria-level=\"1\"><span data-contrast=\"auto\">Famille = d\u00eener fait maison\/manger tous ensemble\u00a0 <\/span><span data-ccp-props=\"{&quot;201341983&quot;:0,&quot;335559739&quot;:160,&quot;335559740&quot;:259}\">\u00a0<\/span><\/li>\n<li data-leveltext=\"\uf0b7\" data-font=\"Symbol\" data-listid=\"1\" data-list-defn-props=\"{&quot;335552541&quot;:1,&quot;335559683&quot;:0,&quot;335559684&quot;:-2,&quot;335559685&quot;:720,&quot;335559991&quot;:360,&quot;469769226&quot;:&quot;Symbol&quot;,&quot;469769242&quot;:[8226],&quot;469777803&quot;:&quot;left&quot;,&quot;469777804&quot;:&quot;\uf0b7&quot;,&quot;469777815&quot;:&quot;hybridMultilevel&quot;}\" aria-setsize=\"-1\" data-aria-posinset=\"4\" data-aria-level=\"1\"><span data-contrast=\"auto\">Productivit\u00e9 = vider sa bo\u00eete de r\u00e9ception <\/span><span data-ccp-props=\"{&quot;201341983&quot;:0,&quot;335559739&quot;:160,&quot;335559740&quot;:259}\">\u00a0<\/span><\/li>\n<\/ul>\n<p><span data-contrast=\"auto\">Votre liste peut contenir des objectifs diff\u00e9rents de ceux de cet exemple, mais elle a pour but de vous faire r\u00e9fl\u00e9chir \u00e0 ce que vous aimeriez accomplir pour vous-m\u00eame.<\/span><\/p>\n<h5><span class=\"TextRun SCXW185705701 BCX8\" lang=\"FR-CA\" xml:lang=\"FR-CA\" data-contrast=\"none\"><span class=\"NormalTextRun SCXW185705701 BCX8\" data-ccp-parastyle=\"heading 2\">Se <\/span><span class=\"NormalTextRun SCXW185705701 BCX8\" data-ccp-parastyle=\"heading 2\">r\u00e9veiller<\/span> <span class=\"NormalTextRun SCXW185705701 BCX8\" data-ccp-parastyle=\"heading 2\">une<\/span> <span class=\"NormalTextRun SCXW185705701 BCX8\" data-ccp-parastyle=\"heading 2\">heure<\/span><span class=\"NormalTextRun SCXW185705701 BCX8\" data-ccp-parastyle=\"heading 2\"> plus <\/span><span class=\"NormalTextRun SCXW185705701 BCX8\" data-ccp-parastyle=\"heading 2\">t\u00f4t<\/span> <\/span><span class=\"EOP SCXW185705701 BCX8\" data-ccp-props=\"{&quot;201341983&quot;:0,&quot;335559738&quot;:40,&quot;335559739&quot;:0,&quot;335559740&quot;:259}\">\u00a0<\/span><\/h5>\n<p><span data-contrast=\"auto\">Si nous nous r\u00e9veillions une heure plus t\u00f4t chaque jour, nous gagnerions 15 jours suppl\u00e9mentaires en une seule ann\u00e9e. Arr\u00eatez de tout pr\u00e9cipiter et donnez-vous le temps de faire votre routine matinale. Nous sommes tous d&rsquo;accord pour dire que la panique et la pr\u00e9cipitation ne valent pas les quelques minutes de sommeil suppl\u00e9mentaires. <\/span><span data-ccp-props=\"{&quot;201341983&quot;:0,&quot;335559739&quot;:160,&quot;335559740&quot;:259}\">\u00a0<\/span><\/p>\n<p><span data-contrast=\"auto\">Se r\u00e9veiller une heure plus t\u00f4t peut vous apporter la paix qui vous manque. La maison est calme et c&rsquo;est le moment id\u00e9al pour accomplir l&rsquo;un des objectifs de votre liste de quatre objectifs cibl\u00e9s. Avoir le temps de remplir votre tasse (litt\u00e9ralement votre tasse de caf\u00e9) sans distractions.\u00a0\u00a0 <\/span><span data-ccp-props=\"{&quot;201341983&quot;:0,&quot;335559739&quot;:160,&quot;335559740&quot;:259}\">\u00a0<\/span><\/p>\n<p><span data-contrast=\"auto\">Avoir l&rsquo;impression que vous ne sortirez jamais de votre orni\u00e8re, alors ne vous concentrez pas sur ce qui peut arriver dans un mois ou une ann\u00e9e. Concentrez-vous uniquement sur les prochaines 24 heures qui vous attendent et sur ce que vous pouvez faire pour vous am\u00e9liorer. Les grandes choses ne viennent jamais des zones de confort, alors nous vous encourageons \u00e0 essayer et \u00e0 mettre en \u0153uvre ces habitudes dans votre vie quotidienne.\u00a0<\/span><span data-ccp-props=\"{&quot;201341983&quot;:0,&quot;335559739&quot;:160,&quot;335559740&quot;:259}\">\u00a0<\/span><\/p>\n<blockquote><p><span data-contrast=\"auto\">Lorsque vous dites \u00ab\u00a0oui\u00a0\u00bb aux autres, assurez-vous que vous ne vous dites pas \u00ab\u00a0non\u00a0\u00bb \u00e0 vous-m\u00eame.\u00a0\u00bb -Paulo Coelho <\/span><span data-ccp-props=\"{&quot;201341983&quot;:0,&quot;335559739&quot;:160,&quot;335559740&quot;:259}\">\u00a0<\/span><\/p><\/blockquote>\n<p><span data-contrast=\"auto\">Si vous cherchez plus d&rsquo;inspiration, consultez notre vaste <\/span><a href=\"https:\/\/hrwize.com\/blog\/\"><span data-contrast=\"none\">biblioth\u00e8que de blogs<\/span><\/a><span data-contrast=\"auto\"> et apprenez-en davantage sur les RH, les valeurs importantes et les conseils utiles !\u00a0 <\/span><span data-ccp-props=\"{&quot;201341983&quot;:0,&quot;335559739&quot;:160,&quot;335559740&quot;:259}\">\u00a0<\/span><\/p>\n","protected":false},"excerpt":{"rendered":"<p>Entre les responsabilit\u00e9s professionnelles et domestiques, il peut sembler que vous n&rsquo;ayez pas assez d&rsquo;heures dans la journ\u00e9e pour tout faire.<\/p>\n","protected":false},"author":20,"featured_media":12013,"comment_status":"closed","ping_status":"closed","sticky":false,"template":"","format":"standard","meta":{"footnotes":""},"categories":[9],"tags":[1619,1628,1618,1627,59,1568,1626],"class_list":["post-12023","post","type-post","status-publish","format-standard","has-post-thumbnail","hentry","category-non-classifiee","tag-equilibre-entre-vie-professionnelle-et-vie-privee","tag-equilibre-entre-vie-professionnelle-et-vie-privee-2-2","tag-motivation-2","tag-parents-qui-travaillent-2-2","tag-rh","tag-travail","tag-travail-2-2"],"yoast_head":"<!-- This site is optimized with the Yoast SEO Premium plugin v27.2 (Yoast SEO v27.2) - https:\/\/yoast.com\/product\/yoast-seo-premium-wordpress\/ -->\n<title>\u00c9quilibre entre vie professionnelle et vie priv\u00e9e : Mettez d&#039;abord votre masque \u00e0 oxyg\u00e8ne - HRWize<\/title>\n<meta name=\"description\" content=\"Entre les responsabilit\u00e9s professionnelles et domestiques, il peut sembler que vous n&#039;ayez pas assez d&#039;heures dans la journ\u00e9e pour tout faire.\" \/>\n<meta name=\"robots\" content=\"index, follow, max-snippet:-1, max-image-preview:large, max-video-preview:-1\" \/>\n<link rel=\"canonical\" href=\"https:\/\/hrwize.com\/equilibre-entre-vie-professionnelle-et-vie-privee-mettez-dabord-votre-masque-a-oxygene-2\/?lang=fr\" \/>\n<meta property=\"og:locale\" content=\"fr_FR\" \/>\n<meta property=\"og:type\" content=\"article\" \/>\n<meta property=\"og:title\" content=\"\u00c9quilibre entre vie professionnelle et vie priv\u00e9e : Mettez d&#039;abord votre masque \u00e0 oxyg\u00e8ne\" \/>\n<meta property=\"og:description\" content=\"Entre les responsabilit\u00e9s professionnelles et domestiques, il peut sembler que vous n&#039;ayez pas assez d&#039;heures dans la journ\u00e9e pour tout faire.\" \/>\n<meta property=\"og:url\" content=\"https:\/\/hrwize.com\/equilibre-entre-vie-professionnelle-et-vie-privee-mettez-dabord-votre-masque-a-oxygene-2\/?lang=fr\" \/>\n<meta property=\"og:site_name\" content=\"HRWize\" \/>\n<meta property=\"article:publisher\" content=\"http:\/\/facebook.com\/hrwize\" \/>\n<meta property=\"article:published_time\" content=\"2022-11-30T19:14:50+00:00\" \/>\n<meta property=\"article:modified_time\" content=\"2023-02-01T16:33:09+00:00\" \/>\n<meta property=\"og:image\" content=\"https:\/\/hrwize.com\/wp-content\/uploads\/2022\/11\/Blog-Layouts-FR-1.jpg\" \/>\n\t<meta property=\"og:image:width\" content=\"1600\" \/>\n\t<meta property=\"og:image:height\" content=\"840\" \/>\n\t<meta property=\"og:image:type\" content=\"image\/jpeg\" \/>\n<meta name=\"author\" content=\"Briana Della Foresta\" \/>\n<meta name=\"twitter:card\" content=\"summary_large_image\" \/>\n<meta name=\"twitter:creator\" content=\"@hrwize_\" \/>\n<meta name=\"twitter:site\" content=\"@hrwize_\" \/>\n<meta name=\"twitter:label1\" content=\"\u00c9crit par\" \/>\n\t<meta name=\"twitter:data1\" content=\"Briana Della Foresta\" \/>\n\t<meta name=\"twitter:label2\" content=\"Dur\u00e9e de lecture estim\u00e9e\" \/>\n\t<meta name=\"twitter:data2\" content=\"3 minutes\" \/>\n<script type=\"application\/ld+json\" class=\"yoast-schema-graph\">{\"@context\":\"https:\/\/schema.org\",\"@graph\":[{\"@type\":\"Article\",\"@id\":\"https:\/\/hrwize.com\/equilibre-entre-vie-professionnelle-et-vie-privee-mettez-dabord-votre-masque-a-oxygene-2\/?lang=fr#article\",\"isPartOf\":{\"@id\":\"https:\/\/hrwize.com\/equilibre-entre-vie-professionnelle-et-vie-privee-mettez-dabord-votre-masque-a-oxygene-2\/?lang=fr\"},\"author\":{\"name\":\"Briana Della Foresta\",\"@id\":\"https:\/\/hrwize.com\/#\/schema\/person\/cdf43e6721b9d0206bf6b1f2a68ff66b\"},\"headline\":\"\u00c9quilibre entre vie professionnelle et vie priv\u00e9e : Mettez d&rsquo;abord votre masque \u00e0 oxyg\u00e8ne\",\"datePublished\":\"2022-11-30T19:14:50+00:00\",\"dateModified\":\"2023-02-01T16:33:09+00:00\",\"mainEntityOfPage\":{\"@id\":\"https:\/\/hrwize.com\/equilibre-entre-vie-professionnelle-et-vie-privee-mettez-dabord-votre-masque-a-oxygene-2\/?lang=fr\"},\"wordCount\":639,\"publisher\":{\"@id\":\"https:\/\/hrwize.com\/#organization\"},\"image\":{\"@id\":\"https:\/\/hrwize.com\/equilibre-entre-vie-professionnelle-et-vie-privee-mettez-dabord-votre-masque-a-oxygene-2\/?lang=fr#primaryimage\"},\"thumbnailUrl\":\"https:\/\/hrwize.com\/wp-content\/uploads\/2022\/11\/Blog-Layouts-FR-1.jpg\",\"keywords\":[\"\u00e9quilibre entre vie professionnelle et vie priv\u00e9e\",\"equilibre-entre-vie-professionnelle-et-vie-privee-2\",\"motivation\",\"parents-qui-travaillent-2\",\"RH\",\"travail\",\"travail-2\"],\"articleSection\":[\"Non classifi\u00e9(e)\"],\"inLanguage\":\"fr-FR\"},{\"@type\":\"WebPage\",\"@id\":\"https:\/\/hrwize.com\/equilibre-entre-vie-professionnelle-et-vie-privee-mettez-dabord-votre-masque-a-oxygene-2\/?lang=fr\",\"url\":\"https:\/\/hrwize.com\/equilibre-entre-vie-professionnelle-et-vie-privee-mettez-dabord-votre-masque-a-oxygene-2\/?lang=fr\",\"name\":\"\u00c9quilibre entre vie professionnelle et vie priv\u00e9e : Mettez d'abord votre masque \u00e0 oxyg\u00e8ne - HRWize\",\"isPartOf\":{\"@id\":\"https:\/\/hrwize.com\/#website\"},\"primaryImageOfPage\":{\"@id\":\"https:\/\/hrwize.com\/equilibre-entre-vie-professionnelle-et-vie-privee-mettez-dabord-votre-masque-a-oxygene-2\/?lang=fr#primaryimage\"},\"image\":{\"@id\":\"https:\/\/hrwize.com\/equilibre-entre-vie-professionnelle-et-vie-privee-mettez-dabord-votre-masque-a-oxygene-2\/?lang=fr#primaryimage\"},\"thumbnailUrl\":\"https:\/\/hrwize.com\/wp-content\/uploads\/2022\/11\/Blog-Layouts-FR-1.jpg\",\"datePublished\":\"2022-11-30T19:14:50+00:00\",\"dateModified\":\"2023-02-01T16:33:09+00:00\",\"description\":\"Entre les responsabilit\u00e9s professionnelles et domestiques, il peut sembler que vous n'ayez pas assez d'heures dans la journ\u00e9e pour tout faire.\",\"breadcrumb\":{\"@id\":\"https:\/\/hrwize.com\/equilibre-entre-vie-professionnelle-et-vie-privee-mettez-dabord-votre-masque-a-oxygene-2\/?lang=fr#breadcrumb\"},\"inLanguage\":\"fr-FR\",\"potentialAction\":[{\"@type\":\"ReadAction\",\"target\":[\"https:\/\/hrwize.com\/equilibre-entre-vie-professionnelle-et-vie-privee-mettez-dabord-votre-masque-a-oxygene-2\/?lang=fr\"]}]},{\"@type\":\"ImageObject\",\"inLanguage\":\"fr-FR\",\"@id\":\"https:\/\/hrwize.com\/equilibre-entre-vie-professionnelle-et-vie-privee-mettez-dabord-votre-masque-a-oxygene-2\/?lang=fr#primaryimage\",\"url\":\"https:\/\/hrwize.com\/wp-content\/uploads\/2022\/11\/Blog-Layouts-FR-1.jpg\",\"contentUrl\":\"https:\/\/hrwize.com\/wp-content\/uploads\/2022\/11\/Blog-Layouts-FR-1.jpg\",\"width\":1600,\"height\":840,\"caption\":\"Homme en t\u00e9l\u00e9travail avec son enfant sur les \u00e9paules pendant qu\u2019il travaille sur un ordinateur portable, illustrant l\u2019\u00e9quilibre entre vie professionnelle et vie priv\u00e9e.\"},{\"@type\":\"BreadcrumbList\",\"@id\":\"https:\/\/hrwize.com\/equilibre-entre-vie-professionnelle-et-vie-privee-mettez-dabord-votre-masque-a-oxygene-2\/?lang=fr#breadcrumb\",\"itemListElement\":[{\"@type\":\"ListItem\",\"position\":1,\"name\":\"Home\",\"item\":\"https:\/\/hrwize.com\/fr\/\"},{\"@type\":\"ListItem\",\"position\":2,\"name\":\"\u00c9quilibre entre vie professionnelle et vie priv\u00e9e : Mettez d&#8217;abord votre masque \u00e0 oxyg\u00e8ne\"}]},{\"@type\":\"WebSite\",\"@id\":\"https:\/\/hrwize.com\/#website\",\"url\":\"https:\/\/hrwize.com\/\",\"name\":\"HRWize\",\"description\":\"HRIS solution for growing businesses\",\"publisher\":{\"@id\":\"https:\/\/hrwize.com\/#organization\"},\"potentialAction\":[{\"@type\":\"SearchAction\",\"target\":{\"@type\":\"EntryPoint\",\"urlTemplate\":\"https:\/\/hrwize.com\/?s={search_term_string}\"},\"query-input\":{\"@type\":\"PropertyValueSpecification\",\"valueRequired\":true,\"valueName\":\"search_term_string\"}}],\"inLanguage\":\"fr-FR\"},{\"@type\":\"Organization\",\"@id\":\"https:\/\/hrwize.com\/#organization\",\"name\":\"HRWize\",\"url\":\"https:\/\/hrwize.com\/\",\"logo\":{\"@type\":\"ImageObject\",\"inLanguage\":\"fr-FR\",\"@id\":\"https:\/\/hrwize.com\/#\/schema\/logo\/image\/\",\"url\":\"https:\/\/hrwize.com\/wp-content\/uploads\/2017\/03\/200-HR.png\",\"contentUrl\":\"https:\/\/hrwize.com\/wp-content\/uploads\/2017\/03\/200-HR.png\",\"width\":200,\"height\":96,\"caption\":\"HRWize\"},\"image\":{\"@id\":\"https:\/\/hrwize.com\/#\/schema\/logo\/image\/\"},\"sameAs\":[\"http:\/\/facebook.com\/hrwize\",\"https:\/\/x.com\/hrwize_\",\"http:\/\/instagram.com\/hrwize\",\"https:\/\/www.linkedin.com\/company\/15201221?trk=prof-exp-company-name\"]},{\"@type\":\"Person\",\"@id\":\"https:\/\/hrwize.com\/#\/schema\/person\/cdf43e6721b9d0206bf6b1f2a68ff66b\",\"name\":\"Briana Della Foresta\",\"image\":{\"@type\":\"ImageObject\",\"inLanguage\":\"fr-FR\",\"@id\":\"https:\/\/secure.gravatar.com\/avatar\/0e299c7d89c30164612788f927d3e166ed3dd4683edfeb84245eb353cf6d04ef?s=96&d=mm&r=g\",\"url\":\"https:\/\/secure.gravatar.com\/avatar\/0e299c7d89c30164612788f927d3e166ed3dd4683edfeb84245eb353cf6d04ef?s=96&d=mm&r=g\",\"contentUrl\":\"https:\/\/secure.gravatar.com\/avatar\/0e299c7d89c30164612788f927d3e166ed3dd4683edfeb84245eb353cf6d04ef?s=96&d=mm&r=g\",\"caption\":\"Briana Della Foresta\"}}]}<\/script>\n<!-- \/ Yoast SEO Premium plugin. -->","yoast_head_json":{"title":"\u00c9quilibre entre vie professionnelle et vie priv\u00e9e : Mettez d'abord votre masque \u00e0 oxyg\u00e8ne - HRWize","description":"Entre les responsabilit\u00e9s professionnelles et domestiques, il peut sembler que vous n'ayez pas assez d'heures dans la journ\u00e9e pour tout faire.","robots":{"index":"index","follow":"follow","max-snippet":"max-snippet:-1","max-image-preview":"max-image-preview:large","max-video-preview":"max-video-preview:-1"},"canonical":"https:\/\/hrwize.com\/equilibre-entre-vie-professionnelle-et-vie-privee-mettez-dabord-votre-masque-a-oxygene-2\/?lang=fr","og_locale":"fr_FR","og_type":"article","og_title":"\u00c9quilibre entre vie professionnelle et vie priv\u00e9e : Mettez d'abord votre masque \u00e0 oxyg\u00e8ne","og_description":"Entre les responsabilit\u00e9s professionnelles et domestiques, il peut sembler que vous n'ayez pas assez d'heures dans la journ\u00e9e pour tout faire.","og_url":"https:\/\/hrwize.com\/equilibre-entre-vie-professionnelle-et-vie-privee-mettez-dabord-votre-masque-a-oxygene-2\/?lang=fr","og_site_name":"HRWize","article_publisher":"http:\/\/facebook.com\/hrwize","article_published_time":"2022-11-30T19:14:50+00:00","article_modified_time":"2023-02-01T16:33:09+00:00","og_image":[{"width":1600,"height":840,"url":"https:\/\/hrwize.com\/wp-content\/uploads\/2022\/11\/Blog-Layouts-FR-1.jpg","type":"image\/jpeg"}],"author":"Briana Della Foresta","twitter_card":"summary_large_image","twitter_creator":"@hrwize_","twitter_site":"@hrwize_","twitter_misc":{"\u00c9crit par":"Briana Della Foresta","Dur\u00e9e de lecture estim\u00e9e":"3 minutes"},"schema":{"@context":"https:\/\/schema.org","@graph":[{"@type":"Article","@id":"https:\/\/hrwize.com\/equilibre-entre-vie-professionnelle-et-vie-privee-mettez-dabord-votre-masque-a-oxygene-2\/?lang=fr#article","isPartOf":{"@id":"https:\/\/hrwize.com\/equilibre-entre-vie-professionnelle-et-vie-privee-mettez-dabord-votre-masque-a-oxygene-2\/?lang=fr"},"author":{"name":"Briana Della Foresta","@id":"https:\/\/hrwize.com\/#\/schema\/person\/cdf43e6721b9d0206bf6b1f2a68ff66b"},"headline":"\u00c9quilibre entre vie professionnelle et vie priv\u00e9e : Mettez d&rsquo;abord votre masque \u00e0 oxyg\u00e8ne","datePublished":"2022-11-30T19:14:50+00:00","dateModified":"2023-02-01T16:33:09+00:00","mainEntityOfPage":{"@id":"https:\/\/hrwize.com\/equilibre-entre-vie-professionnelle-et-vie-privee-mettez-dabord-votre-masque-a-oxygene-2\/?lang=fr"},"wordCount":639,"publisher":{"@id":"https:\/\/hrwize.com\/#organization"},"image":{"@id":"https:\/\/hrwize.com\/equilibre-entre-vie-professionnelle-et-vie-privee-mettez-dabord-votre-masque-a-oxygene-2\/?lang=fr#primaryimage"},"thumbnailUrl":"https:\/\/hrwize.com\/wp-content\/uploads\/2022\/11\/Blog-Layouts-FR-1.jpg","keywords":["\u00e9quilibre entre vie professionnelle et vie priv\u00e9e","equilibre-entre-vie-professionnelle-et-vie-privee-2","motivation","parents-qui-travaillent-2","RH","travail","travail-2"],"articleSection":["Non classifi\u00e9(e)"],"inLanguage":"fr-FR"},{"@type":"WebPage","@id":"https:\/\/hrwize.com\/equilibre-entre-vie-professionnelle-et-vie-privee-mettez-dabord-votre-masque-a-oxygene-2\/?lang=fr","url":"https:\/\/hrwize.com\/equilibre-entre-vie-professionnelle-et-vie-privee-mettez-dabord-votre-masque-a-oxygene-2\/?lang=fr","name":"\u00c9quilibre entre vie professionnelle et vie priv\u00e9e : Mettez d'abord votre masque \u00e0 oxyg\u00e8ne - HRWize","isPartOf":{"@id":"https:\/\/hrwize.com\/#website"},"primaryImageOfPage":{"@id":"https:\/\/hrwize.com\/equilibre-entre-vie-professionnelle-et-vie-privee-mettez-dabord-votre-masque-a-oxygene-2\/?lang=fr#primaryimage"},"image":{"@id":"https:\/\/hrwize.com\/equilibre-entre-vie-professionnelle-et-vie-privee-mettez-dabord-votre-masque-a-oxygene-2\/?lang=fr#primaryimage"},"thumbnailUrl":"https:\/\/hrwize.com\/wp-content\/uploads\/2022\/11\/Blog-Layouts-FR-1.jpg","datePublished":"2022-11-30T19:14:50+00:00","dateModified":"2023-02-01T16:33:09+00:00","description":"Entre les responsabilit\u00e9s professionnelles et domestiques, il peut sembler que vous n'ayez pas assez d'heures dans la journ\u00e9e pour tout faire.","breadcrumb":{"@id":"https:\/\/hrwize.com\/equilibre-entre-vie-professionnelle-et-vie-privee-mettez-dabord-votre-masque-a-oxygene-2\/?lang=fr#breadcrumb"},"inLanguage":"fr-FR","potentialAction":[{"@type":"ReadAction","target":["https:\/\/hrwize.com\/equilibre-entre-vie-professionnelle-et-vie-privee-mettez-dabord-votre-masque-a-oxygene-2\/?lang=fr"]}]},{"@type":"ImageObject","inLanguage":"fr-FR","@id":"https:\/\/hrwize.com\/equilibre-entre-vie-professionnelle-et-vie-privee-mettez-dabord-votre-masque-a-oxygene-2\/?lang=fr#primaryimage","url":"https:\/\/hrwize.com\/wp-content\/uploads\/2022\/11\/Blog-Layouts-FR-1.jpg","contentUrl":"https:\/\/hrwize.com\/wp-content\/uploads\/2022\/11\/Blog-Layouts-FR-1.jpg","width":1600,"height":840,"caption":"Homme en t\u00e9l\u00e9travail avec son enfant sur les \u00e9paules pendant qu\u2019il travaille sur un ordinateur portable, illustrant l\u2019\u00e9quilibre entre vie professionnelle et vie priv\u00e9e."},{"@type":"BreadcrumbList","@id":"https:\/\/hrwize.com\/equilibre-entre-vie-professionnelle-et-vie-privee-mettez-dabord-votre-masque-a-oxygene-2\/?lang=fr#breadcrumb","itemListElement":[{"@type":"ListItem","position":1,"name":"Home","item":"https:\/\/hrwize.com\/fr\/"},{"@type":"ListItem","position":2,"name":"\u00c9quilibre entre vie professionnelle et vie priv\u00e9e : Mettez d&#8217;abord votre masque \u00e0 oxyg\u00e8ne"}]},{"@type":"WebSite","@id":"https:\/\/hrwize.com\/#website","url":"https:\/\/hrwize.com\/","name":"HRWize","description":"HRIS solution for growing businesses","publisher":{"@id":"https:\/\/hrwize.com\/#organization"},"potentialAction":[{"@type":"SearchAction","target":{"@type":"EntryPoint","urlTemplate":"https:\/\/hrwize.com\/?s={search_term_string}"},"query-input":{"@type":"PropertyValueSpecification","valueRequired":true,"valueName":"search_term_string"}}],"inLanguage":"fr-FR"},{"@type":"Organization","@id":"https:\/\/hrwize.com\/#organization","name":"HRWize","url":"https:\/\/hrwize.com\/","logo":{"@type":"ImageObject","inLanguage":"fr-FR","@id":"https:\/\/hrwize.com\/#\/schema\/logo\/image\/","url":"https:\/\/hrwize.com\/wp-content\/uploads\/2017\/03\/200-HR.png","contentUrl":"https:\/\/hrwize.com\/wp-content\/uploads\/2017\/03\/200-HR.png","width":200,"height":96,"caption":"HRWize"},"image":{"@id":"https:\/\/hrwize.com\/#\/schema\/logo\/image\/"},"sameAs":["http:\/\/facebook.com\/hrwize","https:\/\/x.com\/hrwize_","http:\/\/instagram.com\/hrwize","https:\/\/www.linkedin.com\/company\/15201221?trk=prof-exp-company-name"]},{"@type":"Person","@id":"https:\/\/hrwize.com\/#\/schema\/person\/cdf43e6721b9d0206bf6b1f2a68ff66b","name":"Briana Della Foresta","image":{"@type":"ImageObject","inLanguage":"fr-FR","@id":"https:\/\/secure.gravatar.com\/avatar\/0e299c7d89c30164612788f927d3e166ed3dd4683edfeb84245eb353cf6d04ef?s=96&d=mm&r=g","url":"https:\/\/secure.gravatar.com\/avatar\/0e299c7d89c30164612788f927d3e166ed3dd4683edfeb84245eb353cf6d04ef?s=96&d=mm&r=g","contentUrl":"https:\/\/secure.gravatar.com\/avatar\/0e299c7d89c30164612788f927d3e166ed3dd4683edfeb84245eb353cf6d04ef?s=96&d=mm&r=g","caption":"Briana Della Foresta"}}]}},"_links":{"self":[{"href":"https:\/\/hrwize.com\/fr\/wp-json\/wp\/v2\/posts\/12023","targetHints":{"allow":["GET"]}}],"collection":[{"href":"https:\/\/hrwize.com\/fr\/wp-json\/wp\/v2\/posts"}],"about":[{"href":"https:\/\/hrwize.com\/fr\/wp-json\/wp\/v2\/types\/post"}],"author":[{"embeddable":true,"href":"https:\/\/hrwize.com\/fr\/wp-json\/wp\/v2\/users\/20"}],"replies":[{"embeddable":true,"href":"https:\/\/hrwize.com\/fr\/wp-json\/wp\/v2\/comments?post=12023"}],"version-history":[{"count":2,"href":"https:\/\/hrwize.com\/fr\/wp-json\/wp\/v2\/posts\/12023\/revisions"}],"predecessor-version":[{"id":12977,"href":"https:\/\/hrwize.com\/fr\/wp-json\/wp\/v2\/posts\/12023\/revisions\/12977"}],"wp:featuredmedia":[{"embeddable":true,"href":"https:\/\/hrwize.com\/fr\/wp-json\/wp\/v2\/media\/12013"}],"wp:attachment":[{"href":"https:\/\/hrwize.com\/fr\/wp-json\/wp\/v2\/media?parent=12023"}],"wp:term":[{"taxonomy":"category","embeddable":true,"href":"https:\/\/hrwize.com\/fr\/wp-json\/wp\/v2\/categories?post=12023"},{"taxonomy":"post_tag","embeddable":true,"href":"https:\/\/hrwize.com\/fr\/wp-json\/wp\/v2\/tags?post=12023"}],"curies":[{"name":"wp","href":"https:\/\/api.w.org\/{rel}","templated":true}]}}